{"id":375,"date":"2009-08-14T00:09:49","date_gmt":"2009-08-13T22:09:49","guid":{"rendered":"http:\/\/www.zertrin.fr\/blog\/?p=375"},"modified":"2013-09-13T11:20:02","modified_gmt":"2013-09-13T09:20:02","slug":"la-nuit-des-temps","status":"publish","type":"post","link":"https:\/\/www.zertrin.fr\/blog\/2009\/08\/la-nuit-des-temps\/","title":{"rendered":"La nuit des temps"},"content":{"rendered":"<p>Second opus des critiques litt\u00e9raires avec de la science-fiction : <span style=\"text-decoration: underline;\"><strong>La nuit des temps<\/strong><\/span> de Ren\u00e9 Barjavel.<\/p>\n<div id=\"attachment_376\" style=\"width: 122px\" class=\"wp-caption aligncenter\"><a href=\"http:\/\/www.zertrin.fr\/wp\/wp-content\/uploads\/2009\/08\/la-nuit-des-temps.jpg\" rel=\"lightbox[375]\"><img loading=\"lazy\" decoding=\"async\" aria-describedby=\"caption-attachment-376\" class=\"size-medium wp-image-376\" title=\"La nuit des temps\" src=\"http:\/\/www.zertrin.fr\/wp\/wp-content\/uploads\/2009\/08\/la-nuit-des-temps-233x400.jpg\" alt=\"La nuit des temps, Ren\u00e9 Barjavel\" width=\"112\" height=\"193\" srcset=\"https:\/\/www.zertrin.fr\/wp\/wp-content\/uploads\/2009\/08\/la-nuit-des-temps-233x400.jpg 233w, https:\/\/www.zertrin.fr\/wp\/wp-content\/uploads\/2009\/08\/la-nuit-des-temps.jpg 277w\" sizes=\"auto, (max-width: 112px) 100vw, 112px\" \/><\/a><p id=\"caption-attachment-376\" class=\"wp-caption-text\">La nuit des temps<\/p><\/div>\n<p>Cela faisait longtemps que j&rsquo;avais l&rsquo;intention de le lire apr\u00e8s avoir entendu de bons \u00e9chos et surtout en tant que r\u00e9f\u00e9rence du monde de la SF.<\/p>\n<p>Et bien le moins que je puisse dire c&rsquo;est que je n&rsquo;ai pas \u00e9t\u00e9 d\u00e9\u00e7u du tout. Bien qu&rsquo;il fut \u00e9crit entre 1966 et 1968, le roman ne souffre ni d&rsquo;anachronisme majeur ni ne semble vieillot au niveau des technologies narr\u00e9es. De plus l&rsquo;histoire est tr\u00e8s originale, tr\u00e8s prenante&#8230; ou plut\u00f4t passionnante.<\/p>\n<p>Tout d\u00e9bute avec la d\u00e9couverte en Antarctique par une exp\u00e9dition fran\u00e7aise de scientifiques d&rsquo;un signal \u00e9mis apparemment depuis une profondeur de presque 1000 m\u00e8tres de glace. L&rsquo;invraisemblance d&rsquo;un tel ph\u00e9nom\u00e8ne va pousser la communaut\u00e9 scientifique mondiale \u00e0 creuser un puits pour attendre la source de ce signal. Ce qu&rsquo;il vont y d\u00e9couvrir d\u00e9passe l&rsquo;entendement et va bouleverser l&rsquo;image que l&rsquo;homme se fait de l&rsquo;humanit\u00e9. C&rsquo;est aussi une histoire d&rsquo;amour entre deux amants \u00e9rig\u00e9s au rang de mythe : \u00c9lea et Pa\u00efkan.<\/p>\n<p>L&rsquo;histoire est vraiment belle, passionnante et est si bien men\u00e9e qu&rsquo;elle en devient vraisemblable et nous pousse nous aussi, lecteurs, \u00e0 esp\u00e9rer que cela puisse \u00eatre vrai, \u00e0 esp\u00e9rer une telle d\u00e9couverte qui bouleverserait l&rsquo;humanit\u00e9 toute enti\u00e8re.<\/p>\n<p>Enfin, sans en d\u00e9voiler trop, je voudrais mettre en lumi\u00e8re l&rsquo;analogie qu&rsquo;il serait possible de faire aujourd&rsquo;hui entre l&rsquo;\u00e9quation de Zoran du livre et les recherches r\u00e9centes et ultra-fondamentales autour d&rsquo;une hypoth\u00e9tique \u00e9nergie du vide. Barjavel serait-il un visionnaire tr\u00e8s en avance sur la science ? L&rsquo;avenir nous le dira peut-\u00eatre&#8230;<\/p>\n","protected":false},"excerpt":{"rendered":"<p>Second opus des critiques litt\u00e9raires avec de la science-fiction : La nuit des temps de Ren\u00e9 Barjavel. Cela faisait longtemps que j&rsquo;avais l&rsquo;intention de le lire apr\u00e8s avoir entendu de bons \u00e9chos et surtout en tant que r\u00e9f\u00e9rence du monde de la SF. Et bien le moins que je puisse dire c&rsquo;est que je n&rsquo;ai [&hellip;]<\/p>\n","protected":false},"author":4,"featured_media":0,"comment_status":"open","ping_status":"open","sticky":false,"template":"","format":"standard","meta":{"footnotes":""},"categories":[66,79],"tags":[19,89,83,88,78,86,87],"class_list":["post-375","post","type-post","status-publish","format-standard","hentry","category-critiques","category-livres","tag-amour","tag-antarctique","tag-france","tag-la-nuit-des-temps","tag-livre","tag-rene-barjavel","tag-science-fiction"],"_links":{"self":[{"href":"https:\/\/www.zertrin.fr\/blog\/wp-json\/wp\/v2\/posts\/375","targetHints":{"allow":["GET"]}}],"collection":[{"href":"https:\/\/www.zertrin.fr\/blog\/wp-json\/wp\/v2\/posts"}],"about":[{"href":"https:\/\/www.zertrin.fr\/blog\/wp-json\/wp\/v2\/types\/post"}],"author":[{"embeddable":true,"href":"https:\/\/www.zertrin.fr\/blog\/wp-json\/wp\/v2\/users\/4"}],"replies":[{"embeddable":true,"href":"https:\/\/www.zertrin.fr\/blog\/wp-json\/wp\/v2\/comments?post=375"}],"version-history":[{"count":5,"href":"https:\/\/www.zertrin.fr\/blog\/wp-json\/wp\/v2\/posts\/375\/revisions"}],"predecessor-version":[{"id":876,"href":"https:\/\/www.zertrin.fr\/blog\/wp-json\/wp\/v2\/posts\/375\/revisions\/876"}],"wp:attachment":[{"href":"https:\/\/www.zertrin.fr\/blog\/wp-json\/wp\/v2\/media?parent=375"}],"wp:term":[{"taxonomy":"category","embeddable":true,"href":"https:\/\/www.zertrin.fr\/blog\/wp-json\/wp\/v2\/categories?post=375"},{"taxonomy":"post_tag","embeddable":true,"href":"https:\/\/www.zertrin.fr\/blog\/wp-json\/wp\/v2\/tags?post=375"}],"curies":[{"name":"wp","href":"https:\/\/api.w.org\/{rel}","templated":true}]}}